{"id":1017,"date":"2016-06-29T14:55:19","date_gmt":"2016-06-29T13:55:19","guid":{"rendered":"http:\/\/staysafe.bazl.admin.ch\/?p=1017"},"modified":"2023-10-27T09:12:42","modified_gmt":"2023-10-27T08:12:42","slug":"die-schweiz-von-obenla-suisse-vue-den-haut","status":"publish","type":"post","link":"https:\/\/stage.staysafe.aero\/fr\/die-schweiz-von-obenla-suisse-vue-den-haut\/","title":{"rendered":"La Suisse vue d&#8217;en haut"},"content":{"rendered":"<p>Depuis quelques jours, c&#8217;est enfin l&#8217;\u00e9t\u00e9 et le beau temps invite \u00e0 survoler nos belles contr\u00e9es. Saurez-vous reconna\u00eetre l\u2019endroit d\u2019o\u00f9 a \u00e9t\u00e9 prise cette photo?<\/p>\n<p>(Photo: A.Bucher)<\/p>","protected":false},"excerpt":{"rendered":"<p>Depuis quelques jours, c&#8217;est enfin l&#8217;\u00e9t\u00e9 et le beau temps invite \u00e0 survoler nos belles contr\u00e9es. Saurez-vous reconna\u00eetre l\u2019endroit d\u2019o\u00f9 [&hellip;]<\/p>\n","protected":false},"author":1,"featured_media":1018,"comment_status":"open","ping_status":"closed","sticky":false,"template":"","format":"standard","meta":{"_exactmetrics_skip_tracking":false,"_exactmetrics_sitenote_active":false,"_exactmetrics_sitenote_note":"","_exactmetrics_sitenote_category":0,"footnotes":""},"categories":[1,504,30],"tags":[116,117],"class_list":["post-1017","post","type-post","status-publish","format-standard","has-post-thumbnail","hentry","category-home-teaser","category-safety-notifications","category-diverses","tag-die-schweiz-von-oben","tag-la-suisse-vue-den-haut"],"_links":{"self":[{"href":"https:\/\/stage.staysafe.aero\/fr\/wp-json\/wp\/v2\/posts\/1017"}],"collection":[{"href":"https:\/\/stage.staysafe.aero\/fr\/wp-json\/wp\/v2\/posts"}],"about":[{"href":"https:\/\/stage.staysafe.aero\/fr\/wp-json\/wp\/v2\/types\/post"}],"author":[{"embeddable":true,"href":"https:\/\/stage.staysafe.aero\/fr\/wp-json\/wp\/v2\/users\/1"}],"replies":[{"embeddable":true,"href":"https:\/\/stage.staysafe.aero\/fr\/wp-json\/wp\/v2\/comments?post=1017"}],"version-history":[{"count":2,"href":"https:\/\/stage.staysafe.aero\/fr\/wp-json\/wp\/v2\/posts\/1017\/revisions"}],"predecessor-version":[{"id":1034,"href":"https:\/\/stage.staysafe.aero\/fr\/wp-json\/wp\/v2\/posts\/1017\/revisions\/1034"}],"wp:featuredmedia":[{"embeddable":true,"href":"https:\/\/stage.staysafe.aero\/fr\/wp-json\/wp\/v2\/media\/1018"}],"wp:attachment":[{"href":"https:\/\/stage.staysafe.aero\/fr\/wp-json\/wp\/v2\/media?parent=1017"}],"wp:term":[{"taxonomy":"category","embeddable":true,"href":"https:\/\/stage.staysafe.aero\/fr\/wp-json\/wp\/v2\/categories?post=1017"},{"taxonomy":"post_tag","embeddable":true,"href":"https:\/\/stage.staysafe.aero\/fr\/wp-json\/wp\/v2\/tags?post=1017"}],"curies":[{"name":"wp","href":"https:\/\/api.w.org\/{rel}","templated":true}]}}